{"id":796,"date":"2021-12-01T13:34:00","date_gmt":"2021-12-01T12:34:00","guid":{"rendered":"https:\/\/jednostki.uksw.edu.pl\/solidarnosc\/?p=796"},"modified":"2022-12-06T15:02:57","modified_gmt":"2022-12-06T14:02:57","slug":"akcja-protestacyjna-krajowej-sekcji-nauki-nszz-solisdarnosc-ws-wzrostu-wynagrodzen","status":"publish","type":"post","link":"https:\/\/solidarnosc.uksw.edu.pl\/2021\/12\/01\/akcja-protestacyjna-krajowej-sekcji-nauki-nszz-solisdarnosc-ws-wzrostu-wynagrodzen\/","title":{"rendered":"Akcja protestacyjna Krajowej Sekcji Nauki NSZZ &#8222;Solisdarno\u015b\u0107&#8221; ws. wzrostu wynagrodze\u0144"},"content":{"rendered":"\n<figure class=\"wp-block-image size-full\"><img decoding=\"async\" width=\"300\" height=\"115\" src=\"https:\/\/solidarnosc.uksw.edu.pl\/wp-content\/uploads\/sites\/35\/2021\/12\/ikonka-ksn.png\" alt=\"Krajowa Sekcja Nauki\" class=\"wp-image-800\"\/><\/figure>\n\n\n\n<p><strong>Komisja Zak\u0142adowa popiera starania Krajowej Sekcja Nauki NSZZ \u201eSolidarno\u015b\u0107\u201d o\u00a0wzrost wynagrodze\u0144 pracownik\u00f3w sektora szkolnictwa wy\u017cszego i nauki. Wspieramy zar\u00f3wno skierowanie odpowiednich apeli do W\u0142adz Pa\u0144stwowych, prowadzenie negocjacji w sprawie realizacji trzeciego etapu podwy\u017cek i\u00a0wprowadzenia rozwi\u0105za\u0144 prawnych dla systematycznego wzrostu wynagrodze\u0144, a\u00a0tak\u017ce, wobec braku dotychczas pozytywnych rezultat\u00f3w, podj\u0119cie akcji informacyjno-protestacyjnej zgodnie z decyzj\u0105 Rady KSN z 4 listopada 2021 r.<\/strong><\/p>\n\n\n\n<p>\u017b\u0105damy:<\/p>\n\n\n\n<p>1.\u00a0pe\u0142nej realizacji zobowi\u0105zania strony rz\u0105dowej z 2018 r. zwi\u0119kszenia wynagrodze\u0144 zasadniczych pracownik\u00f3w nauki i szkolnictwa wy\u017cszego o 30%<\/p>\n\n\n\n<p>2.\u00a0wzrostu minimalnego wynagrodzenia zasadniczego profesora oraz powi\u0105zania wynagrodze\u0144 zasadniczych wszystkich pracownik\u00f3w uczelni z\u00a0wysoko\u015bci\u0105 minimalnego wynagrodzenia zasadniczego profesora<\/p>\n\n\n\n<p>3. wdro\u017cenia systemowego wzrostu nak\u0142ad\u00f3w finansowych z bud\u017cetu pa\u0144stwa na nauk\u0119 i szkolnictwo wy\u017csze, tak by jak najszybciej osi\u0105gn\u0105\u0107 finansowanie na poziomie \u015brednim kraj\u00f3w UE<\/p>\n\n\n\n<p><strong>Popieraj\u0105c dzia\u0142ania Krajowej Sekcji Nauki, Komisja Zak\u0142adowa NSZZ \u201eSolidarno\u015b\u0107\u201d\u00a0 UKSW w\u0142\u0105cza si\u0119 w akcj\u0119 informacyjno-protestacyjn\u0105 na rzecz realizacji powy\u017cszych postulat\u00f3w.<\/strong><\/p>\n\n\n\r\n<div class=\"\">\r\n\r\n\r\n<div class=\"row\">\r\n\r\n  \r\n<div class=\"col-xl-12 col-lg-12 col-md-12 col-sm-12 \">\r\n\t\t<div class=\"download_detils\">\r\n\t\t\t<a href=\"https:\/\/solidarnosc.uksw.edu.pl\/wp-content\/uploads\/sites\/35\/2022\/12\/Komunikat_Rzecznika_Prasowego-26.11.2021.pdf\"  title=\"Komunikar Rzecznika KSN\" download >\r\n\t\t\t<img decoding=\"async\" src=\"https:\/\/solidarnosc.uksw.edu.pl\/wp-content\/themes\/uksw\/images\/import.svg\" alt=\"\"> Komunikar Rzecznika KSN [PDF,  0.20 MB]<\/a>\r\n\t\t<\/div>\r\n<\/div>\r\n\r\n\r\n\t\t\r\n\t\t \r\n\r\n<\/div>\r\n<\/div>\r\n<div class=\"space20\"><\/div>\r\n\r\n\n\n\n<p><\/p>\n","protected":false},"excerpt":{"rendered":"<p>Komisja Zak\u0142adowa popiera starania Krajowej Sekcja Nauki NSZZ \u201eSolidarno\u015b\u0107\u201d o\u00a0wzrost wynagrodze\u0144 pracownik\u00f3w sektora szkolnictwa wy\u017cszego i nauki. Wspieramy zar\u00f3wno skierowanie odpowiednich apeli do W\u0142adz Pa\u0144stwowych, prowadzenie negocjacji w sprawie realizacji trzeciego etapu podwy\u017cek i\u00a0wprowadzenia rozwi\u0105za\u0144 prawnych dla systematycznego wzrostu wynagrodze\u0144, a\u00a0tak\u017ce, wobec braku dotychczas pozytywnych rezultat\u00f3w, podj\u0119cie akcji informacyjno-protestacyjnej zgodnie z decyzj\u0105 Rady KSN z [&hellip;]<\/p>\n","protected":false},"author":1,"featured_media":0,"comment_status":"open","ping_status":"open","sticky":false,"template":"","format":"standard","meta":{"_acf_changed":false,"inline_featured_image":false,"footnotes":"","_links_to":"","_links_to_target":""},"categories":[1],"tags":[],"class_list":["post-796","post","type-post","status-publish","format-standard","hentry","category-aktualnosci"],"acf":[],"_links":{"self":[{"href":"https:\/\/solidarnosc.uksw.edu.pl\/pl\/wp-json\/wp\/v2\/posts\/796","targetHints":{"allow":["GET"]}}],"collection":[{"href":"https:\/\/solidarnosc.uksw.edu.pl\/pl\/wp-json\/wp\/v2\/posts"}],"about":[{"href":"https:\/\/solidarnosc.uksw.edu.pl\/pl\/wp-json\/wp\/v2\/types\/post"}],"author":[{"embeddable":true,"href":"https:\/\/solidarnosc.uksw.edu.pl\/pl\/wp-json\/wp\/v2\/users\/1"}],"replies":[{"embeddable":true,"href":"https:\/\/solidarnosc.uksw.edu.pl\/pl\/wp-json\/wp\/v2\/comments?post=796"}],"version-history":[{"count":4,"href":"https:\/\/solidarnosc.uksw.edu.pl\/pl\/wp-json\/wp\/v2\/posts\/796\/revisions"}],"predecessor-version":[{"id":802,"href":"https:\/\/solidarnosc.uksw.edu.pl\/pl\/wp-json\/wp\/v2\/posts\/796\/revisions\/802"}],"wp:attachment":[{"href":"https:\/\/solidarnosc.uksw.edu.pl\/pl\/wp-json\/wp\/v2\/media?parent=796"}],"wp:term":[{"taxonomy":"category","embeddable":true,"href":"https:\/\/solidarnosc.uksw.edu.pl\/pl\/wp-json\/wp\/v2\/categories?post=796"},{"taxonomy":"post_tag","embeddable":true,"href":"https:\/\/solidarnosc.uksw.edu.pl\/pl\/wp-json\/wp\/v2\/tags?post=796"}],"curies":[{"name":"wp","href":"https:\/\/api.w.org\/{rel}","templated":true}]}}