{"id":803,"date":"2022-03-14T09:31:00","date_gmt":"2022-03-14T08:31:00","guid":{"rendered":"https:\/\/jednostki.uksw.edu.pl\/solidarnosc\/?p=803"},"modified":"2022-12-06T15:03:49","modified_gmt":"2022-12-06T14:03:49","slug":"zmarla-prof-anna-siniarska-wolanska","status":"publish","type":"post","link":"https:\/\/solidarnosc.uksw.edu.pl\/2022\/03\/14\/zmarla-prof-anna-siniarska-wolanska\/","title":{"rendered":"Zmar\u0142a prof. Anna Siniarska-Wola\u0144ska"},"content":{"rendered":"\n<p>Z g\u0142\u0119bokim smutkiem zawiadamiamy, \u017ce w dniu 7 marca 2022 roku odesz\u0142a do wieczno\u015bci profesor Anna Siniarska-Wola\u0144ska, d\u0142ugoletni pracownik Wydzia\u0142u Biologii i Nauk o \u015arodowisku, za\u0142o\u017cycielka Zak\u0142adu Biologii Cz\u0142owieka.<\/p>\n\n\n\n<p>Prof. dr hab. Anna Siniarska-Wola\u0144ska by\u0142a absolwentk\u0105 biologii na Uniwersytecie Jagiello\u0144skim w Krakowie. Kolejne stopnie naukowe zdobywa\u0142a na Uniwersytecie Adama Mickiewicza w Poznaniu oraz w Instytucie Ekologii PAN w Dziekanowie Le\u015bnym. Odby\u0142a\u00a0\u00a0ponadto studia podoktorskie w Smithsonian Institution, w Muzeum Historii Naturalnej w Waszyngtonie, USA. Przez wiele lat pracowa\u0142a w Centrum Bada\u0144 Naukowych i Studi\u00f3w Podyplomowych w Meridzie (Meksyk). W 2005 roku uzyska\u0142a profesur\u0119 belwedersk\u0105. Z Uniwersytetem Kardyna\u0142a Stefana Wyszy\u0144skiego w Warszawie zwi\u0105zana by\u0142a od 2002 roku, najpierw pe\u0142ni\u0105c funkcj\u0119 kierownika Sekcji Ekologii Cz\u0142owieka i Katedry Biologii a nast\u0119pnie kierownika Zak\u0142adu Biologii Cz\u0142owieka.<\/p>\n\n\n\n<p>Zainteresowania badawcze Pani Profesor zorientowane by\u0142y na zagadnienia rozwoju ontogenetycznego cz\u0142owieka oraz ekologii cz\u0142owieka. Pracowa\u0142a mi\u0119dzy innymi nad ocen\u0105 zmian wielko\u015bci cia\u0142a w aspekcie trendu sekularnego, nier\u00f3wno\u015bci etnicznych i spo\u0142eczno-ekonomicznych, zajmowa\u0142a si\u0119 stanem noworodk\u00f3w oraz zwi\u0105zkami mi\u0119dzy parametrami urodzeniowymi a czynnikami matczynymi i \u015brodowiskowymi. Nieobca Jej by\u0142a tematyka z zakresu antropologii sportowej. Bada\u0142a sprawno\u015b\u0107 motoryczn\u0105 dzieci i m\u0142odzie\u017cy, przemiany w aktywno\u015bci fizycznej ludno\u015bci oraz funkcje uk\u0142adu oddechowego i ich r\u00f3\u017cnorakie uwarunkowania.&nbsp;&nbsp;Wiele uwagi po\u015bwi\u0119ci\u0142a zmianom stanu i dynamiki biologicznej mieszka\u0144c\u00f3w Jukatanu, gdzie przez kilka lat prowadzi\u0142a badania naukowe. Efektem tych dzia\u0142a\u0144 by\u0142o autorstwo i wsp\u00f3\u0142autorstwo ponad 120 publikacji, w tym ksi\u0105\u017cek i rozdzia\u0142\u00f3w w monografiach.<\/p>\n\n\n\n<p>By\u0142a aktywnym cz\u0142onkiem kilku towarzystw i stowarzysze\u0144 naukowych, w tym Polskiego Towarzystwa Antropologicznego, Mi\u0119dzynarodowego Stowarzyszenia Motoryki Sportowej, Auxological Society i Society for Human Ecology.<\/p>\n\n\n\n<p>Pe\u0142ni\u0142a ponadto r\u00f3\u017cne funkcje organizacyjne pracuj\u0105c w kilku komisjach UKSW a tak\u017ce anga\u017cowa\u0142a si\u0119 w dzia\u0142alno\u015b\u0107 zwi\u0105zku zawodowego Solidarno\u015b\u0107 na naszej uczelni, pe\u0142ni\u0105c w nim ostatnio funkcj\u0119 sekretarza.<\/p>\n\n\n\n<p>Dla najbli\u017cszych wsp\u00f3\u0142pracownik\u00f3w, Ania, jak \u015bmiemy J\u0105 nazywa\u0107 by\u0142a przede wszystkim pomocn\u0105, cho\u0107 wymagaj\u0105c\u0105, Przyjaci\u00f3\u0142k\u0105.<\/p>\n","protected":false},"excerpt":{"rendered":"<p>Z g\u0142\u0119bokim smutkiem zawiadamiamy, \u017ce w dniu 7 marca 2022 roku odesz\u0142a do wieczno\u015bci profesor Anna Siniarska-Wola\u0144ska, d\u0142ugoletni pracownik Wydzia\u0142u Biologii i Nauk o \u015arodowisku, za\u0142o\u017cycielka Zak\u0142adu Biologii Cz\u0142owieka. Prof. dr hab. Anna Siniarska-Wola\u0144ska by\u0142a absolwentk\u0105 biologii na Uniwersytecie Jagiello\u0144skim w Krakowie. Kolejne stopnie naukowe zdobywa\u0142a na Uniwersytecie Adama Mickiewicza w Poznaniu oraz w Instytucie [&hellip;]<\/p>\n","protected":false},"author":1,"featured_media":805,"comment_status":"open","ping_status":"open","sticky":false,"template":"","format":"standard","meta":{"_acf_changed":false,"inline_featured_image":false,"footnotes":"","_links_to":"","_links_to_target":""},"categories":[1],"tags":[],"class_list":["post-803","post","type-post","status-publish","format-standard","has-post-thumbnail","hentry","category-aktualnosci"],"acf":[],"_links":{"self":[{"href":"https:\/\/solidarnosc.uksw.edu.pl\/pl\/wp-json\/wp\/v2\/posts\/803","targetHints":{"allow":["GET"]}}],"collection":[{"href":"https:\/\/solidarnosc.uksw.edu.pl\/pl\/wp-json\/wp\/v2\/posts"}],"about":[{"href":"https:\/\/solidarnosc.uksw.edu.pl\/pl\/wp-json\/wp\/v2\/types\/post"}],"author":[{"embeddable":true,"href":"https:\/\/solidarnosc.uksw.edu.pl\/pl\/wp-json\/wp\/v2\/users\/1"}],"replies":[{"embeddable":true,"href":"https:\/\/solidarnosc.uksw.edu.pl\/pl\/wp-json\/wp\/v2\/comments?post=803"}],"version-history":[{"count":1,"href":"https:\/\/solidarnosc.uksw.edu.pl\/pl\/wp-json\/wp\/v2\/posts\/803\/revisions"}],"predecessor-version":[{"id":804,"href":"https:\/\/solidarnosc.uksw.edu.pl\/pl\/wp-json\/wp\/v2\/posts\/803\/revisions\/804"}],"wp:featuredmedia":[{"embeddable":true,"href":"https:\/\/solidarnosc.uksw.edu.pl\/pl\/wp-json\/wp\/v2\/media\/805"}],"wp:attachment":[{"href":"https:\/\/solidarnosc.uksw.edu.pl\/pl\/wp-json\/wp\/v2\/media?parent=803"}],"wp:term":[{"taxonomy":"category","embeddable":true,"href":"https:\/\/solidarnosc.uksw.edu.pl\/pl\/wp-json\/wp\/v2\/categories?post=803"},{"taxonomy":"post_tag","embeddable":true,"href":"https:\/\/solidarnosc.uksw.edu.pl\/pl\/wp-json\/wp\/v2\/tags?post=803"}],"curies":[{"name":"wp","href":"https:\/\/api.w.org\/{rel}","templated":true}]}}