{"id":970,"date":"2023-05-10T10:12:06","date_gmt":"2023-05-10T08:12:06","guid":{"rendered":"https:\/\/solidarnosc.uksw.edu.pl\/?p=970"},"modified":"2023-05-10T10:12:09","modified_gmt":"2023-05-10T08:12:09","slug":"podwyzki-2023","status":"publish","type":"post","link":"https:\/\/solidarnosc.uksw.edu.pl\/2023\/05\/10\/podwyzki-2023\/","title":{"rendered":"Podwy\u017cki 2023"},"content":{"rendered":"\n<p>Informujemy, \u017ce w dniu 9 maja 2023 roku Rektor UKSW ks.prof. dr hab. Ryszard Czekalski oraz przedstawiciele Komisji Zak\u0142adowej NSZZ Solidarno\u015b\u0107 w UKSW i Niezale\u017cnego Zwi\u0105zku Zawodowego Pracownik\u00f3w UKSW podpisali porozumienie okre\u015blaj\u0105ce wysoko\u015b\u0107 i zasady podzia\u0142u \u015brodk\u00f3w przyznanych w ramach zwi\u0119kszonej subwencji na rok 2023. <\/p>\n\n\n\r\n<div class=\"\">\r\n\r\n\r\n<div class=\"row\">\r\n\r\n  \r\n<div class=\"col-xl-12 col-lg-12 col-md-12 col-sm-12 \">\r\n\t\t<div class=\"download_detils\">\r\n\t\t\t<a href=\"https:\/\/solidarnosc.uksw.edu.pl\/wp-content\/uploads\/sites\/35\/2023\/05\/zwiekszenie-wynagrodzen-2023.pdf\"  title=\"Porozumienie w sprawie podzia\u0142u subwencji podwy\u017cszenia wynagrodzenia 2023\" download >\r\n\t\t\t<img decoding=\"async\" src=\"https:\/\/solidarnosc.uksw.edu.pl\/wp-content\/themes\/uksw\/images\/import.svg\" alt=\"\"> Porozumienie w sprawie podzia\u0142u subwencji podwy\u017cszenia wynagrodzenia 2023 [PDF,  0.17 MB]<\/a>\r\n\t\t<\/div>\r\n<\/div>\r\n\r\n\r\n\t\t\r\n\t\t \r\n\r\n<\/div>\r\n<\/div>\r\n<div class=\"space20\"><\/div>\r\n\r\n","protected":false},"excerpt":{"rendered":"<p>Informujemy, \u017ce w dniu 9 maja 2023 roku Rektor UKSW ks.prof. dr hab. Ryszard Czekalski oraz przedstawiciele Komisji Zak\u0142adowej NSZZ Solidarno\u015b\u0107 w UKSW i Niezale\u017cnego Zwi\u0105zku Zawodowego Pracownik\u00f3w UKSW podpisali porozumienie okre\u015blaj\u0105ce wysoko\u015b\u0107 i zasady podzia\u0142u \u015brodk\u00f3w przyznanych w ramach zwi\u0119kszonej subwencji na rok 2023.<\/p>\n","protected":false},"author":81,"featured_media":972,"comment_status":"closed","ping_status":"closed","sticky":false,"template":"","format":"standard","meta":{"_acf_changed":false,"inline_featured_image":false,"footnotes":"","_links_to":"","_links_to_target":""},"categories":[1],"tags":[],"class_list":["post-970","post","type-post","status-publish","format-standard","has-post-thumbnail","hentry","category-aktualnosci"],"acf":[],"_links":{"self":[{"href":"https:\/\/solidarnosc.uksw.edu.pl\/pl\/wp-json\/wp\/v2\/posts\/970","targetHints":{"allow":["GET"]}}],"collection":[{"href":"https:\/\/solidarnosc.uksw.edu.pl\/pl\/wp-json\/wp\/v2\/posts"}],"about":[{"href":"https:\/\/solidarnosc.uksw.edu.pl\/pl\/wp-json\/wp\/v2\/types\/post"}],"author":[{"embeddable":true,"href":"https:\/\/solidarnosc.uksw.edu.pl\/pl\/wp-json\/wp\/v2\/users\/81"}],"replies":[{"embeddable":true,"href":"https:\/\/solidarnosc.uksw.edu.pl\/pl\/wp-json\/wp\/v2\/comments?post=970"}],"version-history":[{"count":4,"href":"https:\/\/solidarnosc.uksw.edu.pl\/pl\/wp-json\/wp\/v2\/posts\/970\/revisions"}],"predecessor-version":[{"id":976,"href":"https:\/\/solidarnosc.uksw.edu.pl\/pl\/wp-json\/wp\/v2\/posts\/970\/revisions\/976"}],"wp:featuredmedia":[{"embeddable":true,"href":"https:\/\/solidarnosc.uksw.edu.pl\/pl\/wp-json\/wp\/v2\/media\/972"}],"wp:attachment":[{"href":"https:\/\/solidarnosc.uksw.edu.pl\/pl\/wp-json\/wp\/v2\/media?parent=970"}],"wp:term":[{"taxonomy":"category","embeddable":true,"href":"https:\/\/solidarnosc.uksw.edu.pl\/pl\/wp-json\/wp\/v2\/categories?post=970"},{"taxonomy":"post_tag","embeddable":true,"href":"https:\/\/solidarnosc.uksw.edu.pl\/pl\/wp-json\/wp\/v2\/tags?post=970"}],"curies":[{"name":"wp","href":"https:\/\/api.w.org\/{rel}","templated":true}]}}